{"id":2206,"date":"2025-10-10T14:44:52","date_gmt":"2025-10-10T12:44:52","guid":{"rendered":"https:\/\/oc-cesson-volley.com\/?p=2206"},"modified":"2025-10-20T11:16:08","modified_gmt":"2025-10-20T09:16:08","slug":"une-premiere-a-la-maison-reussi-pour-lequipe-fanion","status":"publish","type":"post","link":"https:\/\/oc-cesson-volley.com\/?p=2206","title":{"rendered":"Une premi\u00e8re \u00e0 la maison r\u00e9ussie pour l&rsquo;\u00e9quipe fanion."},"content":{"rendered":"\n<figure class=\"wp-block-image\"><img loading=\"lazy\" decoding=\"async\" width=\"1024\" height=\"886\" src=\"https:\/\/oc-cesson-volley.com\/wp-content\/uploads\/2025\/10\/Capture-decran-2025-10-10-a-14.21.17-1024x886-1.png\" alt=\"L\u2019image actuelle n\u2019a pas de texte alternatif. Le nom du fichier est\u00a0: Capture-decran-2025-10-10-a-14.21.17.png\" class=\"wp-image-2208\" srcset=\"https:\/\/oc-cesson-volley.com\/wp-content\/uploads\/2025\/10\/Capture-decran-2025-10-10-a-14.21.17-1024x886-1.png 1024w, https:\/\/oc-cesson-volley.com\/wp-content\/uploads\/2025\/10\/Capture-decran-2025-10-10-a-14.21.17-1024x886-1-300x260.png 300w, https:\/\/oc-cesson-volley.com\/wp-content\/uploads\/2025\/10\/Capture-decran-2025-10-10-a-14.21.17-1024x886-1-768x665.png 768w\" sizes=\"auto, (max-width: 1024px) 100vw, 1024px\" \/><\/figure>\n\n\n\n<h3 class=\"wp-block-heading\">Une entr\u00e9e remarqu\u00e9e pour les \u00ab\u00a0Pinpins\u00a0\u00bb du VBCCV !<\/h3>\n\n\n\n<p>Fra\u00eechement promus, les \u00ab Pinpins \u00bb \u2014 comme ils aiment se surnommer \u2014 font d\u00e9j\u00e0 parler d\u2019eux dans leur nouveau championnat. Apr\u00e8s une premi\u00e8re victoire convaincante 3-1 \u00e0 Rez\u00e9, ils ont remis \u00e7a face \u00e0 Saint-Renan, confirmant leur belle dynamique.<\/p>\n\n\n\n<p>Port\u00e9s par un public venu en nombre \u2014 m\u00e9lange de Cantepiens, Cessonnais et Vernois \u2014 et fiers d\u2019arborer leurs nouveaux ensembles de match, les joueurs du VBCCV ont su s\u2019imposer gr\u00e2ce \u00e0 une d\u00e9fense solide, une r\u00e9ception ma\u00eetris\u00e9e et des services particuli\u00e8rement agressifs. D\u00e8s le premier set, ces armes leur ont permis de prendre une avance confortable.<\/p>\n\n\n\n<p>Malgr\u00e9 un l\u00e9ger coup de mou dans le troisi\u00e8me set, remport\u00e9 par les Renanais, le collectif a su se ressaisir et conclure la rencontre dans le quatri\u00e8me, s\u2019assurant ainsi les trois points et une belle quatri\u00e8me place au classement, \u00e0 \u00e9galit\u00e9 avec les premiers.<\/p>\n\n\n\n<p>Le prochain rendez-vous est fix\u00e9 samedi soir \u00e0 Saint-Maur, en r\u00e9gion parisienne, pour confirmer cette excellente lanc\u00e9e.<br>Toute la communaut\u00e9 du VBCCV est derri\u00e8re eux : allez les Pinpins ! <\/p>\n\n\n\n<p><\/p>\n","protected":false},"excerpt":{"rendered":"<p>Une entr\u00e9e remarqu\u00e9e pour les \u00ab\u00a0Pinpins\u00a0\u00bb du VBCCV ! Fra\u00eechement promus, les \u00ab Pinpins \u00bb \u2014 comme ils aiment se surnommer \u2014 font d\u00e9j\u00e0 parler d\u2019eux dans leur nouveau championnat. Apr\u00e8s une premi\u00e8re victoire convaincante 3-1 \u00e0 Rez\u00e9, ils ont remis \u00e7a face \u00e0 Saint-Renan, confirmant leur belle dynamique. Port\u00e9s par un public venu en [&hellip;]<\/p>\n","protected":false},"author":18,"featured_media":0,"comment_status":"closed","ping_status":"open","sticky":false,"template":"","format":"standard","meta":{"footnotes":""},"categories":[1],"tags":[29,31,28,33,27,32,9],"class_list":["post-2206","post","type-post","status-publish","format-standard","hentry","category-uncategorized","tag-cesson","tag-chantepie","tag-n2","tag-sport","tag-vbccv","tag-vern","tag-volley"],"_links":{"self":[{"href":"https:\/\/oc-cesson-volley.com\/index.php?rest_route=\/wp\/v2\/posts\/2206","targetHints":{"allow":["GET"]}}],"collection":[{"href":"https:\/\/oc-cesson-volley.com\/index.php?rest_route=\/wp\/v2\/posts"}],"about":[{"href":"https:\/\/oc-cesson-volley.com\/index.php?rest_route=\/wp\/v2\/types\/post"}],"author":[{"embeddable":true,"href":"https:\/\/oc-cesson-volley.com\/index.php?rest_route=\/wp\/v2\/users\/18"}],"replies":[{"embeddable":true,"href":"https:\/\/oc-cesson-volley.com\/index.php?rest_route=%2Fwp%2Fv2%2Fcomments&post=2206"}],"version-history":[{"count":2,"href":"https:\/\/oc-cesson-volley.com\/index.php?rest_route=\/wp\/v2\/posts\/2206\/revisions"}],"predecessor-version":[{"id":2215,"href":"https:\/\/oc-cesson-volley.com\/index.php?rest_route=\/wp\/v2\/posts\/2206\/revisions\/2215"}],"wp:attachment":[{"href":"https:\/\/oc-cesson-volley.com\/index.php?rest_route=%2Fwp%2Fv2%2Fmedia&parent=2206"}],"wp:term":[{"taxonomy":"category","embeddable":true,"href":"https:\/\/oc-cesson-volley.com\/index.php?rest_route=%2Fwp%2Fv2%2Fcategories&post=2206"},{"taxonomy":"post_tag","embeddable":true,"href":"https:\/\/oc-cesson-volley.com\/index.php?rest_route=%2Fwp%2Fv2%2Ftags&post=2206"}],"curies":[{"name":"wp","href":"https:\/\/api.w.org\/{rel}","templated":true}]}}