{"id":2169,"date":"2024-08-20T19:33:50","date_gmt":"2024-08-20T17:33:50","guid":{"rendered":"http:\/\/oc-cesson-volley.com\/?p=2169"},"modified":"2024-08-20T19:36:10","modified_gmt":"2024-08-20T17:36:10","slug":"palmares-sportif-et-cesstival","status":"publish","type":"post","link":"https:\/\/oc-cesson-volley.com\/?p=2169","title":{"rendered":"Palmar\u00e8s Sportif et CESS&rsquo;tival"},"content":{"rendered":"\n<p>A l&rsquo;occasion du CESS&rsquo;tival, le ville de Cesson S\u00e9vign\u00e9 a r\u00e9compens\u00e9 ses \u00e9quipes sportives les plus remarquables, parmi lesquels se trouve notre \u00e9quipe f\u00e9minine, f\u00e9licit\u00e9e pour sa mont\u00e9 en Nationale 3 ! Mikael, entraineur et b\u00e9n\u00e9vole investi, a \u00e9galement \u00e9t\u00e9 r\u00e9compens\u00e9.<\/p>\n\n\n\n<figure class=\"wp-block-gallery has-nested-images columns-default is-cropped wp-block-gallery-1 is-layout-flex wp-block-gallery-is-layout-flex\">\n<figure class=\"wp-block-image size-large\"><a href=\"http:\/\/oc-cesson-volley.com\/wp-content\/uploads\/2024\/08\/WhatsApp-Image-2024-08-20-at-19.07.08.jpeg\"><img loading=\"lazy\" decoding=\"async\" width=\"1024\" height=\"682\" data-id=\"2171\" src=\"http:\/\/oc-cesson-volley.com\/wp-content\/uploads\/2024\/08\/WhatsApp-Image-2024-08-20-at-19.07.08-1024x682.jpeg\" alt=\"\" class=\"wp-image-2171\" srcset=\"https:\/\/oc-cesson-volley.com\/wp-content\/uploads\/2024\/08\/WhatsApp-Image-2024-08-20-at-19.07.08-1024x682.jpeg 1024w, https:\/\/oc-cesson-volley.com\/wp-content\/uploads\/2024\/08\/WhatsApp-Image-2024-08-20-at-19.07.08-300x200.jpeg 300w, https:\/\/oc-cesson-volley.com\/wp-content\/uploads\/2024\/08\/WhatsApp-Image-2024-08-20-at-19.07.08-768x512.jpeg 768w, https:\/\/oc-cesson-volley.com\/wp-content\/uploads\/2024\/08\/WhatsApp-Image-2024-08-20-at-19.07.08-1536x1023.jpeg 1536w, https:\/\/oc-cesson-volley.com\/wp-content\/uploads\/2024\/08\/WhatsApp-Image-2024-08-20-at-19.07.08.jpeg 1600w\" sizes=\"auto, (max-width: 1024px) 100vw, 1024px\" \/><\/a><\/figure>\n\n\n\n<figure class=\"wp-block-image size-large\"><a href=\"http:\/\/oc-cesson-volley.com\/wp-content\/uploads\/2024\/08\/WhatsApp-Image-2024-08-20-at-19.07.08-1.jpeg\"><img loading=\"lazy\" decoding=\"async\" width=\"1024\" height=\"682\" data-id=\"2172\" src=\"http:\/\/oc-cesson-volley.com\/wp-content\/uploads\/2024\/08\/WhatsApp-Image-2024-08-20-at-19.07.08-1-1024x682.jpeg\" alt=\"\" class=\"wp-image-2172\" srcset=\"https:\/\/oc-cesson-volley.com\/wp-content\/uploads\/2024\/08\/WhatsApp-Image-2024-08-20-at-19.07.08-1-1024x682.jpeg 1024w, https:\/\/oc-cesson-volley.com\/wp-content\/uploads\/2024\/08\/WhatsApp-Image-2024-08-20-at-19.07.08-1-300x200.jpeg 300w, https:\/\/oc-cesson-volley.com\/wp-content\/uploads\/2024\/08\/WhatsApp-Image-2024-08-20-at-19.07.08-1-768x512.jpeg 768w, https:\/\/oc-cesson-volley.com\/wp-content\/uploads\/2024\/08\/WhatsApp-Image-2024-08-20-at-19.07.08-1-1536x1023.jpeg 1536w, https:\/\/oc-cesson-volley.com\/wp-content\/uploads\/2024\/08\/WhatsApp-Image-2024-08-20-at-19.07.08-1.jpeg 1600w\" sizes=\"auto, (max-width: 1024px) 100vw, 1024px\" \/><\/a><\/figure>\n\n\n\n<figure class=\"wp-block-image size-large\"><a href=\"http:\/\/oc-cesson-volley.com\/wp-content\/uploads\/2024\/08\/WhatsApp-Image-2024-08-20-at-09.54.55-1.jpeg\"><img loading=\"lazy\" decoding=\"async\" width=\"1024\" height=\"771\" data-id=\"2173\" src=\"http:\/\/oc-cesson-volley.com\/wp-content\/uploads\/2024\/08\/WhatsApp-Image-2024-08-20-at-09.54.55-1-1024x771.jpeg\" alt=\"\" class=\"wp-image-2173\" srcset=\"https:\/\/oc-cesson-volley.com\/wp-content\/uploads\/2024\/08\/WhatsApp-Image-2024-08-20-at-09.54.55-1-1024x771.jpeg 1024w, https:\/\/oc-cesson-volley.com\/wp-content\/uploads\/2024\/08\/WhatsApp-Image-2024-08-20-at-09.54.55-1-300x226.jpeg 300w, https:\/\/oc-cesson-volley.com\/wp-content\/uploads\/2024\/08\/WhatsApp-Image-2024-08-20-at-09.54.55-1-768x578.jpeg 768w, https:\/\/oc-cesson-volley.com\/wp-content\/uploads\/2024\/08\/WhatsApp-Image-2024-08-20-at-09.54.55-1-1536x1157.jpeg 1536w, https:\/\/oc-cesson-volley.com\/wp-content\/uploads\/2024\/08\/WhatsApp-Image-2024-08-20-at-09.54.55-1.jpeg 2040w\" sizes=\"auto, (max-width: 1024px) 100vw, 1024px\" \/><\/a><\/figure>\n<\/figure>\n\n\n\n<p>L&rsquo;association a \u00e9galement contribu\u00e9 au CESS&rsquo;Tival en animant deux terrains de volley !<\/p>\n\n\n\n<figure class=\"wp-block-image size-large is-resized is-style-default\"><a href=\"http:\/\/oc-cesson-volley.com\/wp-content\/uploads\/2024\/08\/WhatsApp-Image-2024-08-20-at-19.08.26.jpeg\"><img loading=\"lazy\" decoding=\"async\" width=\"1024\" height=\"771\" src=\"http:\/\/oc-cesson-volley.com\/wp-content\/uploads\/2024\/08\/WhatsApp-Image-2024-08-20-at-19.08.26-1024x771.jpeg\" alt=\"\" class=\"wp-image-2174\" style=\"width:497px;height:auto\" srcset=\"https:\/\/oc-cesson-volley.com\/wp-content\/uploads\/2024\/08\/WhatsApp-Image-2024-08-20-at-19.08.26-1024x771.jpeg 1024w, https:\/\/oc-cesson-volley.com\/wp-content\/uploads\/2024\/08\/WhatsApp-Image-2024-08-20-at-19.08.26-300x226.jpeg 300w, https:\/\/oc-cesson-volley.com\/wp-content\/uploads\/2024\/08\/WhatsApp-Image-2024-08-20-at-19.08.26-768x578.jpeg 768w, https:\/\/oc-cesson-volley.com\/wp-content\/uploads\/2024\/08\/WhatsApp-Image-2024-08-20-at-19.08.26-1536x1157.jpeg 1536w, https:\/\/oc-cesson-volley.com\/wp-content\/uploads\/2024\/08\/WhatsApp-Image-2024-08-20-at-19.08.26.jpeg 2040w\" sizes=\"auto, (max-width: 1024px) 100vw, 1024px\" \/><\/a><\/figure>\n","protected":false},"excerpt":{"rendered":"<p>A l&rsquo;occasion du CESS&rsquo;tival, le ville de Cesson S\u00e9vign\u00e9 a r\u00e9compens\u00e9 ses \u00e9quipes sportives les plus remarquables, parmi lesquels se trouve notre \u00e9quipe f\u00e9minine, f\u00e9licit\u00e9e pour sa mont\u00e9 en Nationale 3 ! Mikael, entraineur et b\u00e9n\u00e9vole investi, a \u00e9galement \u00e9t\u00e9 r\u00e9compens\u00e9. L&rsquo;association a \u00e9galement contribu\u00e9 au CESS&rsquo;Tival en animant deux terrains de volley !<\/p>\n","protected":false},"author":15,"featured_media":2168,"comment_status":"closed","ping_status":"open","sticky":false,"template":"","format":"standard","meta":{"footnotes":""},"categories":[],"tags":[],"class_list":["post-2169","post","type-post","status-publish","format-standard","has-post-thumbnail","hentry"],"_links":{"self":[{"href":"https:\/\/oc-cesson-volley.com\/index.php?rest_route=\/wp\/v2\/posts\/2169","targetHints":{"allow":["GET"]}}],"collection":[{"href":"https:\/\/oc-cesson-volley.com\/index.php?rest_route=\/wp\/v2\/posts"}],"about":[{"href":"https:\/\/oc-cesson-volley.com\/index.php?rest_route=\/wp\/v2\/types\/post"}],"author":[{"embeddable":true,"href":"https:\/\/oc-cesson-volley.com\/index.php?rest_route=\/wp\/v2\/users\/15"}],"replies":[{"embeddable":true,"href":"https:\/\/oc-cesson-volley.com\/index.php?rest_route=%2Fwp%2Fv2%2Fcomments&post=2169"}],"version-history":[{"count":1,"href":"https:\/\/oc-cesson-volley.com\/index.php?rest_route=\/wp\/v2\/posts\/2169\/revisions"}],"predecessor-version":[{"id":2175,"href":"https:\/\/oc-cesson-volley.com\/index.php?rest_route=\/wp\/v2\/posts\/2169\/revisions\/2175"}],"wp:featuredmedia":[{"embeddable":true,"href":"https:\/\/oc-cesson-volley.com\/index.php?rest_route=\/wp\/v2\/media\/2168"}],"wp:attachment":[{"href":"https:\/\/oc-cesson-volley.com\/index.php?rest_route=%2Fwp%2Fv2%2Fmedia&parent=2169"}],"wp:term":[{"taxonomy":"category","embeddable":true,"href":"https:\/\/oc-cesson-volley.com\/index.php?rest_route=%2Fwp%2Fv2%2Fcategories&post=2169"},{"taxonomy":"post_tag","embeddable":true,"href":"https:\/\/oc-cesson-volley.com\/index.php?rest_route=%2Fwp%2Fv2%2Ftags&post=2169"}],"curies":[{"name":"wp","href":"https:\/\/api.w.org\/{rel}","templated":true}]}}