{"id":690,"date":"2013-06-12T23:18:15","date_gmt":"2013-06-12T21:18:15","guid":{"rendered":"http:\/\/oc-cesson-volley.com\/?p=690"},"modified":"2013-06-15T09:10:15","modified_gmt":"2013-06-15T07:10:15","slug":"debut-inscription-saison-20132014","status":"publish","type":"post","link":"http:\/\/oc-cesson-volley.com\/?p=690","title":{"rendered":"Vie du Club &#038; Pr\u00e9paration Saison 2013\/2014"},"content":{"rendered":"<p>Mercredi 12 juin le club a propos\u00e9 un apr\u00e8s-midi \u00ab\u00a0am\u00e8ne ton pote\u00a0\u00bb aux jeunes cessonnais de CM1 \u00e0 5<sup>\u00e8me<\/sup> (cf. photo).<\/p>\n<p><a href=\"http:\/\/oc-cesson-volley.com\/wp-content\/uploads\/2013\/06\/DSCF7536.jpg\"><img loading=\"lazy\" decoding=\"async\" class=\"aligncenter size-full wp-image-694\" title=\"DSCF7536\" src=\"http:\/\/oc-cesson-volley.com\/wp-content\/uploads\/2013\/06\/DSCF7536.jpg\" alt=\"\" width=\"2592\" height=\"1944\" srcset=\"http:\/\/oc-cesson-volley.com\/wp-content\/uploads\/2013\/06\/DSCF7536.jpg 2592w, http:\/\/oc-cesson-volley.com\/wp-content\/uploads\/2013\/06\/DSCF7536-300x225.jpg 300w, http:\/\/oc-cesson-volley.com\/wp-content\/uploads\/2013\/06\/DSCF7536-1024x768.jpg 1024w\" sizes=\"auto, (max-width: 2592px) 100vw, 2592px\" \/><\/a><\/p>\n<p>Un gouter a conclu cette joyeuse apr\u00e8s-midi de volley pour nos jeunes.<\/p>\n<p>Le club r\u00e9ogranisera le m\u00eame \u00e9v\u00e8nement mercredi 4 septembre de 15h30 \u00e0 17h00, en tout d\u00e9but de la saison \u00e0 venir.<\/p>\n<p>Par ailleurs, le club recherche activement des joueurs , joueuses pour compl\u00e9ter les effectifs seniors masculins (pr\u00e9-r\u00e9gional) et f\u00e9minins (d\u00e9partementale).<\/p>\n<p>Pour les \u00e9quipes jeunes, nous recherchons aussi de nouveaux joueurs pour compl\u00e9ter l\u2019effectif existant.<\/p>\n<p>Un programme de consolidation au niveau des entra\u00eenements nous conduit \u00e0 rechercher aussi un entraineur pour un travail 15 heures\/semaine.<\/p>\n<p>Si vous voulez vous essayer au volley, n\u2019h\u00e9siter \u00e0 prendre contact avec le club. Vous pourrez\u00a0 faire un essai pendant les cr\u00e9neaux d\u00e9di\u00e9s aux entrainements<\/p>\n<p>Renseignements au 06.78.06.97.02, ou sur le site du club\u00a0: <a href=\"http:\/\/oc-cesson-volley.com\/\">http:\/\/oc-cesson-volley.com\/<\/a><\/p>\n<p>m\u00e9l du club : <a href=\"mailto:cessonvolley35@yahoo.fr\">cessonvolley35@yahoo.fr<\/a> ,<\/p>\n","protected":false},"excerpt":{"rendered":"<p>Mercredi 12 juin le club a propos\u00e9 un apr\u00e8s-midi \u00ab\u00a0am\u00e8ne ton pote\u00a0\u00bb aux jeunes cessonnais de CM1 \u00e0 5\u00e8me (cf. photo). Un gouter a conclu cette joyeuse apr\u00e8s-midi de volley pour nos jeunes. Le club r\u00e9ogranisera le m\u00eame \u00e9v\u00e8nement mercredi 4 septembre de 15h30 \u00e0 17h00, en tout d\u00e9but de la saison \u00e0 venir. Par [&hellip;]<\/p>\n","protected":false},"author":2,"featured_media":0,"comment_status":"closed","ping_status":"open","sticky":false,"template":"","format":"standard","meta":{"footnotes":""},"categories":[1],"tags":[],"class_list":["post-690","post","type-post","status-publish","format-standard","hentry","category-uncategorized"],"_links":{"self":[{"href":"http:\/\/oc-cesson-volley.com\/index.php?rest_route=\/wp\/v2\/posts\/690","targetHints":{"allow":["GET"]}}],"collection":[{"href":"http:\/\/oc-cesson-volley.com\/index.php?rest_route=\/wp\/v2\/posts"}],"about":[{"href":"http:\/\/oc-cesson-volley.com\/index.php?rest_route=\/wp\/v2\/types\/post"}],"author":[{"embeddable":true,"href":"http:\/\/oc-cesson-volley.com\/index.php?rest_route=\/wp\/v2\/users\/2"}],"replies":[{"embeddable":true,"href":"http:\/\/oc-cesson-volley.com\/index.php?rest_route=%2Fwp%2Fv2%2Fcomments&post=690"}],"version-history":[{"count":7,"href":"http:\/\/oc-cesson-volley.com\/index.php?rest_route=\/wp\/v2\/posts\/690\/revisions"}],"predecessor-version":[{"id":718,"href":"http:\/\/oc-cesson-volley.com\/index.php?rest_route=\/wp\/v2\/posts\/690\/revisions\/718"}],"wp:attachment":[{"href":"http:\/\/oc-cesson-volley.com\/index.php?rest_route=%2Fwp%2Fv2%2Fmedia&parent=690"}],"wp:term":[{"taxonomy":"category","embeddable":true,"href":"http:\/\/oc-cesson-volley.com\/index.php?rest_route=%2Fwp%2Fv2%2Fcategories&post=690"},{"taxonomy":"post_tag","embeddable":true,"href":"http:\/\/oc-cesson-volley.com\/index.php?rest_route=%2Fwp%2Fv2%2Ftags&post=690"}],"curies":[{"name":"wp","href":"https:\/\/api.w.org\/{rel}","templated":true}]}}