{"id":1697,"date":"2019-05-19T14:05:06","date_gmt":"2019-05-19T12:05:06","guid":{"rendered":"http:\/\/oc-cesson-volley.com\/?p=1697"},"modified":"2019-05-19T14:06:31","modified_gmt":"2019-05-19T12:06:31","slug":"championnes-de-bretagne","status":"publish","type":"post","link":"http:\/\/oc-cesson-volley.com\/?p=1697","title":{"rendered":"Championnes de Bretagne !!!"},"content":{"rendered":"\n<p>Les M17 F ont remport\u00e9 la coupe de Bretagne 2019 apr\u00e8s avoir remport\u00e9 l&rsquo;ensemble de leurs matchs de la comp\u00e9tition. La finale s&rsquo;est d\u00e9roul\u00e9e \u00e0 Vannes le samedi 18 mai et les filles de l&rsquo;OCC ont d\u00fb affront\u00e9 l&rsquo;\u00e9quipe d&rsquo;Auray en demi-finale (2 sets \u00e0 0) puis celle de Tint\u00e9niac lors d&rsquo;une finale tr\u00e8s disput\u00e9e (2 sets \u00e0 0).<\/p>\n\n\n\n<ul class=\"wp-block-gallery columns-1 is-cropped wp-block-gallery-1 is-layout-flex wp-block-gallery-is-layout-flex\"><li class=\"blocks-gallery-item\"><figure><img loading=\"lazy\" decoding=\"async\" width=\"1024\" height=\"673\" src=\"http:\/\/oc-cesson-volley.com\/wp-content\/uploads\/2019\/05\/9c90dae4-2e3e-47c3-afd8-9276991d9ba0-1024x673.jpg\" alt=\"\" data-id=\"1692\" data-link=\"http:\/\/oc-cesson-volley.com\/?attachment_id=1692\" class=\"wp-image-1692\" srcset=\"http:\/\/oc-cesson-volley.com\/wp-content\/uploads\/2019\/05\/9c90dae4-2e3e-47c3-afd8-9276991d9ba0-1024x673.jpg 1024w, http:\/\/oc-cesson-volley.com\/wp-content\/uploads\/2019\/05\/9c90dae4-2e3e-47c3-afd8-9276991d9ba0-300x197.jpg 300w, http:\/\/oc-cesson-volley.com\/wp-content\/uploads\/2019\/05\/9c90dae4-2e3e-47c3-afd8-9276991d9ba0-768x505.jpg 768w, http:\/\/oc-cesson-volley.com\/wp-content\/uploads\/2019\/05\/9c90dae4-2e3e-47c3-afd8-9276991d9ba0.jpg 1535w\" sizes=\"auto, (max-width: 1024px) 100vw, 1024px\" \/><\/figure><\/li><\/ul>\n\n\n\n<figure class=\"wp-block-image\"><img loading=\"lazy\" decoding=\"async\" width=\"720\" height=\"540\" src=\"http:\/\/oc-cesson-volley.com\/wp-content\/uploads\/2019\/05\/IMG_9490-1.jpg\" alt=\"\" class=\"wp-image-1698\" srcset=\"http:\/\/oc-cesson-volley.com\/wp-content\/uploads\/2019\/05\/IMG_9490-1.jpg 720w, http:\/\/oc-cesson-volley.com\/wp-content\/uploads\/2019\/05\/IMG_9490-1-300x225.jpg 300w\" sizes=\"auto, (max-width: 720px) 100vw, 720px\" \/><\/figure>\n\n\n\n<figure class=\"wp-block-image\"><img loading=\"lazy\" decoding=\"async\" width=\"720\" height=\"540\" src=\"http:\/\/oc-cesson-volley.com\/wp-content\/uploads\/2019\/05\/IMG_9493.jpg\" alt=\"\" class=\"wp-image-1695\" srcset=\"http:\/\/oc-cesson-volley.com\/wp-content\/uploads\/2019\/05\/IMG_9493.jpg 720w, http:\/\/oc-cesson-volley.com\/wp-content\/uploads\/2019\/05\/IMG_9493-300x225.jpg 300w\" sizes=\"auto, (max-width: 720px) 100vw, 720px\" \/><\/figure>\n","protected":false},"excerpt":{"rendered":"<p>Les M17 F ont remport\u00e9 la coupe de Bretagne 2019 apr\u00e8s avoir remport\u00e9 l&rsquo;ensemble de leurs matchs de la comp\u00e9tition. La finale s&rsquo;est d\u00e9roul\u00e9e \u00e0 Vannes le samedi 18 mai et les filles de l&rsquo;OCC ont d\u00fb affront\u00e9 l&rsquo;\u00e9quipe d&rsquo;Auray en demi-finale (2 sets \u00e0 0) puis celle de Tint\u00e9niac lors d&rsquo;une finale tr\u00e8s disput\u00e9e [&hellip;]<\/p>\n","protected":false},"author":1,"featured_media":0,"comment_status":"closed","ping_status":"open","sticky":false,"template":"","format":"standard","meta":{"footnotes":""},"categories":[1],"tags":[],"class_list":["post-1697","post","type-post","status-publish","format-standard","hentry","category-uncategorized"],"_links":{"self":[{"href":"http:\/\/oc-cesson-volley.com\/index.php?rest_route=\/wp\/v2\/posts\/1697","targetHints":{"allow":["GET"]}}],"collection":[{"href":"http:\/\/oc-cesson-volley.com\/index.php?rest_route=\/wp\/v2\/posts"}],"about":[{"href":"http:\/\/oc-cesson-volley.com\/index.php?rest_route=\/wp\/v2\/types\/post"}],"author":[{"embeddable":true,"href":"http:\/\/oc-cesson-volley.com\/index.php?rest_route=\/wp\/v2\/users\/1"}],"replies":[{"embeddable":true,"href":"http:\/\/oc-cesson-volley.com\/index.php?rest_route=%2Fwp%2Fv2%2Fcomments&post=1697"}],"version-history":[{"count":3,"href":"http:\/\/oc-cesson-volley.com\/index.php?rest_route=\/wp\/v2\/posts\/1697\/revisions"}],"predecessor-version":[{"id":1702,"href":"http:\/\/oc-cesson-volley.com\/index.php?rest_route=\/wp\/v2\/posts\/1697\/revisions\/1702"}],"wp:attachment":[{"href":"http:\/\/oc-cesson-volley.com\/index.php?rest_route=%2Fwp%2Fv2%2Fmedia&parent=1697"}],"wp:term":[{"taxonomy":"category","embeddable":true,"href":"http:\/\/oc-cesson-volley.com\/index.php?rest_route=%2Fwp%2Fv2%2Fcategories&post=1697"},{"taxonomy":"post_tag","embeddable":true,"href":"http:\/\/oc-cesson-volley.com\/index.php?rest_route=%2Fwp%2Fv2%2Ftags&post=1697"}],"curies":[{"name":"wp","href":"https:\/\/api.w.org\/{rel}","templated":true}]}}